{"id":1195,"date":"2022-02-10T17:10:40","date_gmt":"2022-02-10T14:10:40","guid":{"rendered":"https:\/\/asrafalastin.eu\/?p=1195"},"modified":"2022-02-10T17:10:40","modified_gmt":"2022-02-10T14:10:40","slug":"la-coalition-europeenne-de-soutien-aux-prisonniers-palestiniens-la-coalicion-europea-de-apoyo-a-los-prisioneros-palestinos-europaische-allianz-fur-die-solidaritat-mit-den-palastinensischen-gefangenen","status":"publish","type":"post","link":"https:\/\/english.asrafalastin.net\/?p=1195","title":{"rendered":"La coalition europ\u00e9enne de soutien aux prisonniers palestiniens La coalici\u00f3n europea de apoyo a los prisioneros palestinos Europ\u00e4ische Allianz f\u00fcr die Solidarit\u00e4t mit den Pal\u00e4stinensischen Gefangenen e.V"},"content":{"rendered":"<p><span id=\"page3R_mcid0\" class=\"markedContent\"><\/span><span id=\"page3R_mcid1\" class=\"markedContent\"><span dir=\"ltr\" role=\"presentation\">La coalition europ\u00e9enne de soutien aux prisonniers palestiniens<\/span><\/span><span id=\"page3R_mcid2\" class=\"markedContent\"><\/span><span id=\"page3R_mcid3\" class=\"markedContent\"><\/span><span id=\"page3R_mcid4\" class=\"markedContent\"><br role=\"presentation\" \/><span dir=\"ltr\" role=\"presentation\">La coalici\u00f3n europea de apoyo<\/span> <span dir=\"ltr\" role=\"presentation\">a los prisioneros palestinos<\/span><\/span><span id=\"page3R_mcid5\" class=\"markedContent\"><\/span><span id=\"page3R_mcid6\" class=\"markedContent\"><\/span><span id=\"page3R_mcid7\" class=\"markedContent\"><br role=\"presentation\" \/><span dir=\"ltr\" role=\"presentation\">E<\/span><span dir=\"ltr\" role=\"presentation\">urop\u00e4ische<\/span> <span dir=\"ltr\" role=\"presentation\">Allianz<\/span> <span dir=\"ltr\" role=\"presentation\">f\u00fcr die Solidarit\u00e4t mit den Pal\u00e4stinensischen Gefangenen<\/span> <span dir=\"ltr\" role=\"presentation\">e.V.<\/span><\/span><span id=\"page3R_mcid8\" class=\"markedContent\"><\/span><span id=\"page3R_mcid9\" class=\"markedContent\"><br role=\"presentation\" \/><span dir=\"ltr\" role=\"presentation\">_____________________________________________________________________<\/span><span dir=\"ltr\" role=\"presentation\">______<\/span><\/span><span id=\"page3R_mcid10\" class=\"markedContent\"><\/span><span id=\"page3R_mcid11\" class=\"markedContent\"><\/span><span id=\"page3R_mcid12\" class=\"markedContent\"><br role=\"presentation\" \/><span dir=\"ltr\" role=\"presentation\">No to the Israeli policy of medical negligence<\/span><\/span><span id=\"page3R_mcid13\" class=\"markedContent\"><br role=\"presentation\" \/><span dir=\"ltr\" role=\"presentation\">Save the life of the prisoner Nasser Abu<\/span> <span dir=\"ltr\" role=\"presentation\">Ahmed!!!<\/span><\/span><span id=\"page3R_mcid14\" class=\"markedContent\"><\/span><span id=\"page3R_mcid15\" class=\"markedContent\"><\/span><span id=\"page3R_mcid16\" class=\"markedContent\"><br role=\"presentation\" \/><span dir=\"ltr\" role=\"presentation\">The prisoner Nasser Abu Ahmeed&#8217;s health condition worsened and his life became in immediate<\/span><br role=\"presentation\" \/><span dir=\"ltr\" role=\"presentation\">danger after he contracted lung cancer.<\/span><\/span><span id=\"page3R_mcid17\" class=\"markedContent\"><br role=\"presentation\" \/><span dir=\"ltr\" role=\"presentation\">The prisoner Nasser became a skeleton and lost consciousness after doctors had to put him in an<\/span><br role=\"presentation\" \/><span dir=\"ltr\" role=\"presentation\">artificial coma.<\/span> <span dir=\"ltr\" role=\"presentation\">The sick prisoner was attached to breathing machines and injected medications, and<\/span><br role=\"presentation\" \/><span dir=\"ltr\" role=\"presentation\">was lying down until Tuesday evening at Barzilai Hospital.<\/span><\/span><span id=\"page3R_mcid18\" class=\"markedContent\"><br role=\"presentation\" \/><span dir=\"ltr\" role=\"presentation\">The prisoner Nasser Abu Ahmeed is the brother of four detainees, namely Nasr, Sharif, Muhammad<\/span><br role=\"presentation\" \/><span dir=\"ltr\" role=\"presentation\">and Islam. The conv<\/span><span dir=\"ltr\" role=\"presentation\">icts are all life imprisonment. And a brother of the martyr Abdel Moneim Abu<\/span><br role=\"presentation\" \/><span dir=\"ltr\" role=\"presentation\">Ahmid, and their house in Al<\/span><span dir=\"ltr\" role=\"presentation\">&#8211;<\/span><span dir=\"ltr\" role=\"presentation\">Amari camp was demolished five times.<\/span><\/span><span id=\"page3R_mcid19\" class=\"markedContent\"><br role=\"presentation\" \/><span dir=\"ltr\" role=\"presentation\">The prisoner Nasser was sentenced to seven life terms after he was arrested again on 22\/4\/2002<\/span><\/span><span id=\"page3R_mcid20\" class=\"markedContent\"><br role=\"presentation\" \/><span dir=\"ltr\" role=\"presentation\">Despite his very<\/span> <span dir=\"ltr\" role=\"presentation\">critical health condition, the occupation still refused to release him. On the contrary,<\/span><br role=\"presentation\" \/><span dir=\"ltr\" role=\"presentation\">he is prevented from visiting by medical delegations and international institutions, and decided to<\/span><br role=\"presentation\" \/><span dir=\"ltr\" role=\"presentation\">transfer him to the Ramle prison clinic, which does not have any in<\/span><span dir=\"ltr\" role=\"presentation\">gredients or capabilities to treat<\/span><br role=\"presentation\" \/><span dir=\"ltr\" role=\"presentation\">this very critical health condition.<\/span><\/span><span id=\"page3R_mcid21\" class=\"markedContent\"><br role=\"presentation\" \/><span dir=\"ltr\" role=\"presentation\">We in the European Coalition to Support the Prisoners of Palestine demand the occupation<\/span><br role=\"presentation\" \/><span dir=\"ltr\" role=\"presentation\">authorities to stop the policy of medical neglect that includes more than 600 female prisoners<\/span> <span dir=\"ltr\" role=\"presentation\">and sick<\/span><br role=\"presentation\" \/><span dir=\"ltr\" role=\"presentation\">prisoners.<\/span><\/span><span id=\"page3R_mcid22\" class=\"markedContent\"><br role=\"presentation\" \/><span dir=\"ltr\" role=\"presentation\">We demand his release so that this prisoner receives the necessary diagnosis, treatment and<\/span><br role=\"presentation\" \/><span dir=\"ltr\" role=\"presentation\">prevention, and a halt to the programmed execution policy for him.<\/span><\/span><span id=\"page3R_mcid23\" class=\"markedContent\"><br role=\"presentation\" \/><span dir=\"ltr\" role=\"presentation\">Finally, we call on all institutions, associations, parliament and governme<\/span><span dir=\"ltr\" role=\"presentation\">nts on an international level<\/span><br role=\"presentation\" \/><span dir=\"ltr\" role=\"presentation\">to intervene to save the life of the prisoner Nasser Abu Hamid and to put an end to the series of<\/span><br role=\"presentation\" \/><span dir=\"ltr\" role=\"presentation\">executions of prisoners through medical neglect, especially after the outbreak of the Corona pandemic<\/span><br role=\"presentation\" \/><span dir=\"ltr\" role=\"presentation\">inside prisons again.<\/span><\/span><span id=\"page3R_mcid24\" class=\"markedContent\"><br role=\"presentation\" \/><span dir=\"ltr\" role=\"presentation\">Free<\/span><span dir=\"ltr\" role=\"presentation\">dom for Nasser Abu Ahmid!<\/span><\/span><span id=\"page3R_mcid25\" class=\"markedContent\"><br role=\"presentation\" \/><span dir=\"ltr\" role=\"presentation\">Freedom for all prisoners of freedom inside the occupation prisons<\/span><\/span><span id=\"page3R_mcid26\" class=\"markedContent\"><\/span><span id=\"page3R_mcid27\" class=\"markedContent\"><\/span><span id=\"page3R_mcid28\" class=\"markedContent\"><br role=\"presentation\" \/><span dir=\"ltr\" role=\"presentation\">The<\/span><span dir=\"ltr\" role=\"presentation\">&#8211;<\/span><span dir=\"ltr\" role=\"presentation\">European<\/span><span dir=\"ltr\" role=\"presentation\">&#8211;<\/span><span dir=\"ltr\" role=\"presentation\">Alliance<\/span><span dir=\"ltr\" role=\"presentation\">&#8211;<\/span><span dir=\"ltr\" role=\"presentation\">in<\/span><span dir=\"ltr\" role=\"presentation\">&#8211;<\/span><span dir=\"ltr\" role=\"presentation\">Defence<\/span><span dir=\"ltr\" role=\"presentation\">&#8211;<\/span><span dir=\"ltr\" role=\"presentation\">of<\/span><span dir=\"ltr\" role=\"presentation\">&#8211;<\/span><span dir=\"ltr\" role=\"presentation\">Palestinian<\/span><span dir=\"ltr\" role=\"presentation\">&#8211;<\/span><span dir=\"ltr\" role=\"presentation\">Detainees<\/span><\/span><span id=\"page3R_mcid29\" class=\"markedContent\"><\/span><span id=\"page3R_mcid30\" class=\"markedContent\"><br role=\"presentation\" \/><span dir=\"ltr\" role=\"presentation\">Liegnitzstr. 28, 53721 Siegburg, Germany,<\/span><\/span><span id=\"page3R_mcid31\" class=\"markedContent\"><br role=\"presentation\" \/><span dir=\"ltr\" role=\"presentation\">http:\/\/asrafalastin.eu<\/span><span dir=\"ltr\" role=\"presentation\">,<\/span><\/span><span id=\"page3R_mcid32\" class=\"markedContent\"><span dir=\"ltr\" role=\"presentation\">asrafalastin@web.de<\/span><\/span><span id=\"page3R_mcid33\" class=\"markedContent\"><span dir=\"ltr\" role=\"presentation\">2653744,<\/span><span dir=\"ltr\" role=\"presentation\">&#8211;<\/span><span dir=\"ltr\" role=\"presentation\">2241<\/span><span dir=\"ltr\" role=\"presentation\">&#8211;<\/span><span dir=\"ltr\" role=\"presentation\">Tel: 00491715411168, Fax: 0049<\/span><\/span><span id=\"page3R_mcid34\" class=\"markedContent\"><\/span><span id=\"page3R_mcid35\" class=\"markedContent\"><\/span><span id=\"page3R_mcid36\" class=\"markedContent\"><br role=\"presentation\" \/><span dir=\"ltr\" role=\"presentation\">https:\/\/www.facebook.com\/pages\/The<\/span><span dir=\"ltr\" role=\"presentation\">&#8211;<\/span><span dir=\"ltr\" role=\"presentation\">European<\/span><span dir=\"ltr\" role=\"presentation\">&#8211;<\/span><span dir=\"ltr\" role=\"presentation\">Alliance<\/span><span dir=\"ltr\" role=\"presentation\">&#8211;<\/span><span dir=\"ltr\" role=\"presentation\">in<\/span><span dir=\"ltr\" role=\"presentation\">&#8211;<\/span><span dir=\"ltr\" role=\"presentation\">Defence<\/span><span dir=\"ltr\" role=\"presentation\">&#8211;<\/span><span dir=\"ltr\" role=\"presentation\">of<\/span><span dir=\"ltr\" role=\"presentation\">&#8211;<\/span><span dir=\"ltr\" role=\"presentation\">Palestinian<\/span><span dir=\"ltr\" role=\"presentation\">&#8211;<\/span><br role=\"presentation\" \/><span dir=\"ltr\" role=\"presentation\">Detainees\/590907887618242<\/span><\/span><span id=\"page3R_mcid37\" class=\"markedContent\"><\/span><span id=\"page3R_mcid38\" class=\"markedContent\"><br role=\"presentation\" \/><span dir=\"ltr\" role=\"presentation\">A<\/span><span dir=\"ltr\" role=\"presentation\">c<\/span><span dir=\"ltr\" role=\"presentation\">count<\/span><span dir=\"ltr\" role=\"presentation\">number<\/span><span dir=\"ltr\" role=\"presentation\">.:<\/span> <span dir=\"ltr\" role=\"presentation\">Kreiss<\/span><span dir=\"ltr\" role=\"presentation\">parkasse K\u00f6ln, IBAN: DE08 3705 0299 0001<\/span> <span dir=\"ltr\" role=\"presentation\">0<\/span><span dir=\"ltr\" role=\"presentation\">389 45, BIC: COKSDE<\/span><\/span><\/p>\n","protected":false},"excerpt":{"rendered":"<p>La coalition europ\u00e9enne de soutien aux prisonniers palestiniensLa coalici\u00f3n europea de apoyo a los prisioneros palestinosEurop\u00e4ische Allianz f\u00fcr die Solidarit\u00e4t mit den Pal\u00e4stinensischen Gefangenen e.V.___________________________________________________________________________No to the Israeli policy of medical negligenceSave the life of the prisoner Nasser Abu Ahmed!!!The prisoner Nasser Abu Ahmeed&#8217;s health condition worsened and his life became in immediatedanger after he [&hellip;]<\/p>\n","protected":false},"author":1,"featured_media":1131,"comment_status":"open","ping_status":"open","sticky":false,"template":"","format":"standard","meta":{"footnotes":""},"categories":[5,31],"tags":[],"class_list":["post-1195","post","type-post","status-publish","format-standard","has-post-thumbnail","hentry","category-alliance-activities","category-statements-of-6th"],"_links":{"self":[{"href":"https:\/\/english.asrafalastin.net\/index.php?rest_route=\/wp\/v2\/posts\/1195","targetHints":{"allow":["GET"]}}],"collection":[{"href":"https:\/\/english.asrafalastin.net\/index.php?rest_route=\/wp\/v2\/posts"}],"about":[{"href":"https:\/\/english.asrafalastin.net\/index.php?rest_route=\/wp\/v2\/types\/post"}],"author":[{"embeddable":true,"href":"https:\/\/english.asrafalastin.net\/index.php?rest_route=\/wp\/v2\/users\/1"}],"replies":[{"embeddable":true,"href":"https:\/\/english.asrafalastin.net\/index.php?rest_route=%2Fwp%2Fv2%2Fcomments&post=1195"}],"version-history":[{"count":1,"href":"https:\/\/english.asrafalastin.net\/index.php?rest_route=\/wp\/v2\/posts\/1195\/revisions"}],"predecessor-version":[{"id":1196,"href":"https:\/\/english.asrafalastin.net\/index.php?rest_route=\/wp\/v2\/posts\/1195\/revisions\/1196"}],"wp:featuredmedia":[{"embeddable":true,"href":"https:\/\/english.asrafalastin.net\/index.php?rest_route=\/wp\/v2\/media\/1131"}],"wp:attachment":[{"href":"https:\/\/english.asrafalastin.net\/index.php?rest_route=%2Fwp%2Fv2%2Fmedia&parent=1195"}],"wp:term":[{"taxonomy":"category","embeddable":true,"href":"https:\/\/english.asrafalastin.net\/index.php?rest_route=%2Fwp%2Fv2%2Fcategories&post=1195"},{"taxonomy":"post_tag","embeddable":true,"href":"https:\/\/english.asrafalastin.net\/index.php?rest_route=%2Fwp%2Fv2%2Ftags&post=1195"}],"curies":[{"name":"wp","href":"https:\/\/api.w.org\/{rel}","templated":true}]}}