{"id":1197,"date":"2022-02-10T17:12:43","date_gmt":"2022-02-10T14:12:43","guid":{"rendered":"https:\/\/asrafalastin.eu\/?p=1197"},"modified":"2022-02-10T17:12:43","modified_gmt":"2022-02-10T14:12:43","slug":"no-a-la-politica-israeli-de-negligencia-medica-salva-la-vida-del-prisionero-nasser-abu-ahmeed","status":"publish","type":"post","link":"https:\/\/english.asrafalastin.net\/?p=1197","title":{"rendered":"No a la Pol\u00edtica Israel\u00ed de Negligencia M\u00e9dica \u00a1Salva la vida del prisionero Nasser Abu Ahmeed!"},"content":{"rendered":"<p><span id=\"page3R_mcid8\" class=\"markedContent\"><span dir=\"ltr\" role=\"presentation\">El estado de salud del preso Nasser Abu Ahmeed<\/span> <span dir=\"ltr\" role=\"presentation\">ha empeorado<\/span> <span dir=\"ltr\" role=\"presentation\">y su vida<\/span> <span dir=\"ltr\" role=\"presentation\">est\u00e1 corriendo un<\/span> <span dir=\"ltr\" role=\"presentation\">peligro inmediato<\/span><br role=\"presentation\" \/><span dir=\"ltr\" role=\"presentation\">despu\u00e9s de su<\/span><\/span><span id=\"page3R_mcid9\" class=\"markedContent\"> <span dir=\"ltr\" role=\"presentation\">diagn\u00f3stico con<\/span><\/span><span id=\"page3R_mcid10\" class=\"markedContent\"> <span dir=\"ltr\" role=\"presentation\">c\u00e1ncer de pulm\u00f3n.<\/span><\/span><span id=\"page3R_mcid11\" class=\"markedContent\"><br role=\"presentation\" \/><span dir=\"ltr\" role=\"presentation\">El prisionero Nasser se convirti\u00f3 en un esqueleto y perdi\u00f3 el conocimiento despu\u00e9s de que l<\/span><span dir=\"ltr\" role=\"presentation\">os m\u00e9dicos<\/span><br role=\"presentation\" \/><span dir=\"ltr\" role=\"presentation\">tuvieron que ponerlo en coma artific<\/span><span dir=\"ltr\" role=\"presentation\">ial. El preso enfermo est\u00e1 conectada a un ventila<\/span><span dir=\"ltr\" role=\"presentation\">dor respiratorio e<\/span><br role=\"presentation\" \/><span dir=\"ltr\" role=\"presentation\">inyector de<\/span> <span dir=\"ltr\" role=\"presentation\">medicamentos, y estuvo<\/span> <span dir=\"ltr\" role=\"presentation\">ingresado<\/span> <span dir=\"ltr\" role=\"presentation\">hasta el martes por la noche en el Hospital Barzilai.<\/span><\/span><span id=\"page3R_mcid12\" class=\"markedContent\"><br role=\"presentation\" \/><span dir=\"ltr\" role=\"presentation\">El prisionero Nasser Abu Ahmeed es herm<\/span><span dir=\"ltr\" role=\"presentation\">ano<\/span> <span dir=\"ltr\" role=\"presentation\">de cuatro<\/span> <span dir=\"ltr\" role=\"presentation\">prisioneros, e<\/span><span dir=\"ltr\" role=\"presentation\">llos son; Nasr, Sharif, Mohamme<\/span><span dir=\"ltr\" role=\"presentation\">d e<\/span><br role=\"presentation\" \/><span dir=\"ltr\" role=\"presentation\">Islam<\/span> <span dir=\"ltr\" role=\"presentation\">Abu Ahmee<\/span><span dir=\"ltr\" role=\"presentation\">d,<\/span> <span dir=\"ltr\" role=\"presentation\">t<\/span><span dir=\"ltr\" role=\"presentation\">odos condenados con cadena perpetua, y adem\u00e1s , \u00e9l es<\/span> <span dir=\"ltr\" role=\"presentation\">hermano<\/span> <span dir=\"ltr\" role=\"presentation\">del m\u00e1rtir Abdel<\/span><br role=\"presentation\" \/><span dir=\"ltr\" role=\"presentation\">Moneim Abu Ahmee<\/span><span dir=\"ltr\" role=\"presentation\">d, y su casa en<\/span> <span dir=\"ltr\" role=\"presentation\">el campamento de Al<\/span><span dir=\"ltr\" role=\"presentation\">&#8211;<\/span><span dir=\"ltr\" role=\"presentation\">Amari fue demolida<\/span> <span dir=\"ltr\" role=\"presentation\">cinco veces.<\/span><\/span><span id=\"page3R_mcid13\" class=\"markedContent\"><\/span><span id=\"page3R_mcid14\" class=\"markedContent\"><br role=\"presentation\" \/><span dir=\"ltr\" role=\"presentation\">El preso<\/span> <span dir=\"ltr\" role=\"presentation\">Nasser fue condenado a siete cadenas perpetuas tras ser detenido de nuevo el 22\/4\/2002.<\/span><\/span><span id=\"page3R_mcid15\" class=\"markedContent\"><br role=\"presentation\" \/><span dir=\"ltr\" role=\"presentation\">A pesar de su condici\u00f3n de salud muy cr\u00edtica<\/span><span dir=\"ltr\" role=\"presentation\">, la ocupaci\u00f3n a\u00fan se niega a liberarlo. No obstante,<\/span> <span dir=\"ltr\" role=\"presentation\">le impiden<\/span><br role=\"presentation\" \/><span dir=\"ltr\" role=\"presentation\">las<\/span> <span dir=\"ltr\" role=\"presentation\">visitas de las<\/span> <span dir=\"ltr\" role=\"presentation\">delegaciones m\u00e9dicas e instituciones int<\/span><span dir=\"ltr\" role=\"presentation\">er<\/span><span dir=\"ltr\" role=\"presentation\">nacionales<\/span> <span dir=\"ltr\" role=\"presentation\">y deciden trasladarlo a la cl\u00ednica de la<\/span><br role=\"presentation\" \/><span dir=\"ltr\" role=\"presentation\">prisi\u00f3n de Ramle,<\/span> <span dir=\"ltr\" role=\"presentation\">que no tiene ninguna preparaci\u00f3n<\/span> <span dir=\"ltr\" role=\"presentation\">ni capacidad para tratar est<\/span><span dir=\"ltr\" role=\"presentation\">a condici\u00f3n de salud tan<\/span><br role=\"presentation\" \/><span dir=\"ltr\" role=\"presentation\">complicada<\/span><span dir=\"ltr\" role=\"presentation\">.<\/span><\/span><span id=\"page3R_mcid16\" class=\"markedContent\"><br role=\"presentation\" \/><span dir=\"ltr\" role=\"presentation\">Nosotros, e<\/span><span dir=\"ltr\" role=\"presentation\">n la Coalici\u00f3n Europea de Apoy<\/span><span dir=\"ltr\" role=\"presentation\">o a los<\/span> <span dir=\"ltr\" role=\"presentation\">Prisioneros P<\/span><span dir=\"ltr\" role=\"presentation\">alestinos,<\/span> <span dir=\"ltr\" role=\"presentation\">exigimos a l<\/span><span dir=\"ltr\" role=\"presentation\">as autoridades de<\/span><br role=\"presentation\" \/><span dir=\"ltr\" role=\"presentation\">ocupaci\u00f3n que detengan la pol\u00edtica de negligencia m\u00e9dica que incluye a m\u00e1s<\/span> <span dir=\"ltr\" role=\"presentation\">de 600 prisioneras y prisioneros<\/span><br role=\"presentation\" \/><span dir=\"ltr\" role=\"presentation\">enfermo<\/span><span dir=\"ltr\" role=\"presentation\">s.<\/span><\/span><span id=\"page3R_mcid17\" class=\"markedContent\"><br role=\"presentation\" \/><span dir=\"ltr\" role=\"presentation\">Exigimos su lib<\/span><span dir=\"ltr\" role=\"presentation\">eraci\u00f3n para que pueda recibir<\/span> <span dir=\"ltr\" role=\"presentation\">el diagn<\/span><span dir=\"ltr\" role=\"presentation\">\u00f3stico, el tratamiento y los cuidados<\/span> <span dir=\"ltr\" role=\"presentation\">necesarios, y el<\/span><br role=\"presentation\" \/><span dir=\"ltr\" role=\"presentation\">cese<\/span> <span dir=\"ltr\" role=\"presentation\">inmedi<\/span><span dir=\"ltr\" role=\"presentation\">ato<\/span> <span dir=\"ltr\" role=\"presentation\">de la pol\u00edtica de ejecuci\u00f3n programada<\/span> <span dir=\"ltr\" role=\"presentation\">contra<\/span> <span dir=\"ltr\" role=\"presentation\">\u00e9l.<\/span><\/span><span id=\"page3R_mcid18\" class=\"markedContent\"><br role=\"presentation\" \/><span dir=\"ltr\" role=\"presentation\">Finalmente, hacemos un llamado a todas las instituciones, asociaciones, parlamentos y gobiernos a nivel<\/span><br role=\"presentation\" \/><span dir=\"ltr\" role=\"presentation\">mundial<\/span> <span dir=\"ltr\" role=\"presentation\">para que intervengan para salvar l<\/span><span dir=\"ltr\" role=\"presentation\">a vida del preso Nasser Abu Ahmee<\/span><span dir=\"ltr\" role=\"presentation\">d y poner fin a la serie de<\/span><br role=\"presentation\" \/><span dir=\"ltr\" role=\"presentation\">ejecuciones de presos por negligencia m\u00e9dica, esp<\/span><span dir=\"ltr\" role=\"presentation\">ecialmente despu\u00e9s del estallido de la Pandemia de<\/span><br role=\"presentation\" \/><span dir=\"ltr\" role=\"presentation\">corona en las prisiones de nuevo.<\/span><\/span><span id=\"page3R_mcid19\" class=\"markedContent\"><\/span><span id=\"page3R_mcid20\" class=\"markedContent\"><br role=\"presentation\" \/><span dir=\"ltr\" role=\"presentation\">\u00a1Libertad para Nasser Abu Ahmee<\/span><span dir=\"ltr\" role=\"presentation\">d!<\/span><\/span><span id=\"page3R_mcid21\" class=\"markedContent\"><br role=\"presentation\" \/><span dir=\"ltr\" role=\"presentation\">\u00a1Libe<\/span><span dir=\"ltr\" role=\"presentation\">rtad para todos los presos de<\/span> <span dir=\"ltr\" role=\"presentation\">libertad dentro de las prisiones de la ocupaci\u00f3n!<\/span><\/span><span id=\"page3R_mcid22\" class=\"markedContent\"><\/span><span id=\"page3R_mcid23\" class=\"markedContent\"><\/span><span id=\"page3R_mcid24\" class=\"markedContent\"><\/span><span id=\"page3R_mcid25\" class=\"markedContent\"><\/span><span id=\"page3R_mcid26\" class=\"markedContent\"><br role=\"presentation\" \/><span dir=\"ltr\" role=\"presentation\">The<\/span><span dir=\"ltr\" role=\"presentation\">&#8211;<\/span><span dir=\"ltr\" role=\"presentation\">European<\/span><span dir=\"ltr\" role=\"presentation\">&#8211;<\/span><span dir=\"ltr\" role=\"presentation\">Alliance<\/span><span dir=\"ltr\" role=\"presentation\">&#8211;<\/span><span dir=\"ltr\" role=\"presentation\">in<\/span><span dir=\"ltr\" role=\"presentation\">&#8211;<\/span><span dir=\"ltr\" role=\"presentation\">Defence<\/span><span dir=\"ltr\" role=\"presentation\">&#8211;<\/span><span dir=\"ltr\" role=\"presentation\">of<\/span><span dir=\"ltr\" role=\"presentation\">&#8211;<\/span><span dir=\"ltr\" role=\"presentation\">Palestinian<\/span><span dir=\"ltr\" role=\"presentation\">&#8211;<\/span><span dir=\"ltr\" role=\"presentation\">Detainees<\/span><\/span><span id=\"page3R_mcid27\" class=\"markedContent\"><\/span><span id=\"page3R_mcid28\" class=\"markedContent\"><br role=\"presentation\" \/><span dir=\"ltr\" role=\"presentation\">Liegnitzstr. 28, 53721 Siegburg, Germany,<\/span><\/span><span id=\"page3R_mcid29\" class=\"markedContent\"><br role=\"presentation\" \/><span dir=\"ltr\" role=\"presentation\">http:\/\/asrafalastin.eu<\/span><span dir=\"ltr\" role=\"presentation\">,<\/span><\/span><span id=\"page3R_mcid30\" class=\"markedContent\"><span dir=\"ltr\" role=\"presentation\">asrafalastin@web.de<\/span><\/span><span id=\"page3R_mcid31\" class=\"markedContent\"><span dir=\"ltr\" role=\"presentation\">2653744,<\/span><span dir=\"ltr\" role=\"presentation\">&#8211;<\/span><span dir=\"ltr\" role=\"presentation\">2241<\/span><span dir=\"ltr\" role=\"presentation\">&#8211;<\/span><span dir=\"ltr\" role=\"presentation\">Tel: 00491715411168, Fax: 0049<\/span><\/span><span id=\"page3R_mcid32\" class=\"markedContent\"><\/span><span id=\"page3R_mcid33\" class=\"markedContent\"><\/span><span id=\"page3R_mcid34\" class=\"markedContent\"><br role=\"presentation\" \/><span dir=\"ltr\" role=\"presentation\">https<\/span><span dir=\"ltr\" role=\"presentation\">:\/\/www.facebook.com\/pages\/The<\/span><span dir=\"ltr\" role=\"presentation\">&#8211;<\/span><span dir=\"ltr\" role=\"presentation\">European<\/span><span dir=\"ltr\" role=\"presentation\">&#8211;<\/span><span dir=\"ltr\" role=\"presentation\">Alliance<\/span><span dir=\"ltr\" role=\"presentation\">&#8211;<\/span><span dir=\"ltr\" role=\"presentation\">in<\/span><span dir=\"ltr\" role=\"presentation\">&#8211;<\/span><span dir=\"ltr\" role=\"presentation\">Defence<\/span><span dir=\"ltr\" role=\"presentation\">&#8211;<\/span><span dir=\"ltr\" role=\"presentation\">of<\/span><span dir=\"ltr\" role=\"presentation\">&#8211;<\/span><span dir=\"ltr\" role=\"presentation\">Palestinian<\/span><span dir=\"ltr\" role=\"presentation\">&#8211;<\/span><span dir=\"ltr\" role=\"presentation\">Detainees\/590907887618242<\/span><\/span><span id=\"page3R_mcid35\" class=\"markedContent\"><\/span><span id=\"page3R_mcid36\" class=\"markedContent\"><br role=\"presentation\" \/><span dir=\"ltr\" role=\"presentation\">A<\/span><span dir=\"ltr\" role=\"presentation\">c<\/span><span dir=\"ltr\" role=\"presentation\">count<\/span><span dir=\"ltr\" role=\"presentation\">number<\/span><span dir=\"ltr\" role=\"presentation\">.:<\/span> <span dir=\"ltr\" role=\"presentation\">Kreiss<\/span><span dir=\"ltr\" role=\"presentation\">parkasse K\u00f6ln, IBAN: DE08 3705 0299 0001<\/span> <span dir=\"ltr\" role=\"presentation\">0<\/span><span dir=\"ltr\" role=\"presentation\">389 45, BIC: COKSDE3<\/span><\/span><\/p>\n","protected":false},"excerpt":{"rendered":"<p>El estado de salud del preso Nasser Abu Ahmeed ha empeorado y su vida est\u00e1 corriendo un peligro inmediatodespu\u00e9s de su diagn\u00f3stico con c\u00e1ncer de pulm\u00f3n.El prisionero Nasser se convirti\u00f3 en un esqueleto y perdi\u00f3 el conocimiento despu\u00e9s de que los m\u00e9dicostuvieron que ponerlo en coma artificial. El preso enfermo est\u00e1 conectada a un ventilador [&hellip;]<\/p>\n","protected":false},"author":1,"featured_media":1131,"comment_status":"open","ping_status":"open","sticky":false,"template":"","format":"standard","meta":{"footnotes":""},"categories":[5],"tags":[],"class_list":["post-1197","post","type-post","status-publish","format-standard","has-post-thumbnail","hentry","category-alliance-activities"],"_links":{"self":[{"href":"https:\/\/english.asrafalastin.net\/index.php?rest_route=\/wp\/v2\/posts\/1197","targetHints":{"allow":["GET"]}}],"collection":[{"href":"https:\/\/english.asrafalastin.net\/index.php?rest_route=\/wp\/v2\/posts"}],"about":[{"href":"https:\/\/english.asrafalastin.net\/index.php?rest_route=\/wp\/v2\/types\/post"}],"author":[{"embeddable":true,"href":"https:\/\/english.asrafalastin.net\/index.php?rest_route=\/wp\/v2\/users\/1"}],"replies":[{"embeddable":true,"href":"https:\/\/english.asrafalastin.net\/index.php?rest_route=%2Fwp%2Fv2%2Fcomments&post=1197"}],"version-history":[{"count":1,"href":"https:\/\/english.asrafalastin.net\/index.php?rest_route=\/wp\/v2\/posts\/1197\/revisions"}],"predecessor-version":[{"id":1198,"href":"https:\/\/english.asrafalastin.net\/index.php?rest_route=\/wp\/v2\/posts\/1197\/revisions\/1198"}],"wp:featuredmedia":[{"embeddable":true,"href":"https:\/\/english.asrafalastin.net\/index.php?rest_route=\/wp\/v2\/media\/1131"}],"wp:attachment":[{"href":"https:\/\/english.asrafalastin.net\/index.php?rest_route=%2Fwp%2Fv2%2Fmedia&parent=1197"}],"wp:term":[{"taxonomy":"category","embeddable":true,"href":"https:\/\/english.asrafalastin.net\/index.php?rest_route=%2Fwp%2Fv2%2Fcategories&post=1197"},{"taxonomy":"post_tag","embeddable":true,"href":"https:\/\/english.asrafalastin.net\/index.php?rest_route=%2Fwp%2Fv2%2Ftags&post=1197"}],"curies":[{"name":"wp","href":"https:\/\/api.w.org\/{rel}","templated":true}]}}