{"id":1841,"date":"2024-03-12T10:26:07","date_gmt":"2024-03-12T07:26:07","guid":{"rendered":"https:\/\/asrafalastin.net\/?p=1841"},"modified":"2024-03-12T10:26:07","modified_gmt":"2024-03-12T07:26:07","slug":"la-coalition-europeenne-de-soutien-aux-prisonniers-palestiniens-la-coalicion-europea-de-apoyo-a-los-prisioneros-palestinos-europaische-allianz-fur-die-solidaritat-mit-den-palastinensischen","status":"publish","type":"post","link":"https:\/\/english.asrafalastin.net\/?p=1841","title":{"rendered":"La coalition europ\u00e9enne de soutien aux prisonniers palestiniens\u00a0 La coalici\u00f3n europea de apoyo a los prisioneros palestinos \u00a0Europ\u00e4ische Allianz f\u00fcr die Solidarit\u00e4t mit den Pal\u00e4stinensischen Gefangenen e.V."},"content":{"rendered":"<p><strong><br \/>\nLa coalition europ\u00e9enne de soutien aux prisonniers palestiniens<br \/>\nLa coalici\u00f3n europea de apoyo a los prisioneros palestinos<br \/>\nEurop\u00e4ische Allianz f\u00fcr die Solidarit\u00e4t mit den Pal\u00e4stinensischen Gefangenen e.V.<\/strong><strong><br \/>\n<\/strong><strong>__________________________________________________________________________________________<\/strong><\/p>\n<p><strong>\u00a0<\/strong><\/p>\n<p><strong>Dringender Auruf!<\/strong><\/p>\n<p><strong>Rettet die pal\u00e4stinensischen Gefangenen und H\u00e4ftlinge in israelischen Gef\u00e4ngnissen!<\/strong><\/p>\n<p><strong>\u00a0<\/strong><\/p>\n<p><strong>Derzeit befinden sich \u00fcber 9100 M\u00e4nner, Frauen, Kinder und \u00e4ltere Menschen in israelischen Gef\u00e4ngnissen, \u00fcber 7500 von ihnen wurden nach dem 7. Oktober 2023 aus ihren H\u00e4usern verschleppt.<\/strong><\/p>\n<p><strong>\u00a0<\/strong><\/p>\n<p><strong>Die israelische Besatzungsmacht hat den 7. Oktober als Vorwand benutzt, um sich alle Rechte der Gefangenen zur\u00fcckzunehmen, die sie in ihrem jahrzehntelangen Kampf erk\u00e4mpft hatten.<\/strong><\/p>\n<p><strong>\u00a0<\/strong><\/p>\n<p><strong>Die Bedingungen in den Gef\u00e4ngnissen und Haftanstalten sind entsetzlich. Die Zellen sind klein und sehr \u00fcberf\u00fcllt. Es gibt nicht gen\u00fcgend Decken. Es gibt kein funktionierendes Abwassersystem. Das Essen ist d\u00fcrftig und hat keinen Geschmack. Die Gefangenen d\u00fcrfen ihre Zellen nur sehr selten verlassen. Ihr Recht auf Bildung, medizinische Versorgung und Kontakt zu ihren Familien und Anw\u00e4lten wird ihnen verwehrt. <\/strong><\/p>\n<p><strong>\u00a0<\/strong><\/p>\n<p><strong>In den letzten f\u00fcnf Monaten sind 13 Gefangene in den Gef\u00e4ngnissen gestorben, weil sie nicht medizinisch versorgt oder misshandelt wurden.<\/strong><\/p>\n<p><strong>\u00a0<\/strong><\/p>\n<p><strong>Die Administrativhaft wird als Waffe gegen jegliche Kritik an der Besatzung, der Gewalt der Siedler oder dem Angriff auf die Menschen in Gaza eingesetzt. Die Zahl der Administrativh\u00e4ftlinge ist so hoch wie nie zuvor. Die Zahl der Kinder und Frauen ist stark angestiegen. Hunderte von M\u00e4nnern und Frauen aus dem Gazastreifen werden an unbekannte Orte verschleppt, und internationalen Berichten zufolge wurden Frauen vergewaltigt und mehr als 27 M\u00e4nner get\u00f6tet.<\/strong><\/p>\n<p><strong>\u00a0<\/strong><\/p>\n<p><strong>Das V\u00f6lkerrecht, das humanit\u00e4re V\u00f6lkerrecht und die internationalen Menschenrechtsnormen werden vors\u00e4tzlich missachtet, da die Besatzungsmacht sich vor jeglicher Rechenschaftspflicht und Strafma\u00dfnahmen entzieht.<\/strong><\/p>\n<p><strong>\u00a0<\/strong><\/p>\n<p><strong>Die Europ\u00e4ische Allianz f\u00fcr Solidarit\u00e4t mit pal\u00e4stinensischen Gefangenen ruft alle Menschenrechtsorganisationen, humanit\u00e4ren Gruppen, alle Parlamente und politischen Parteien auf, sich f\u00fcr die pal\u00e4stinensischen Gefangenen einzusetzen.<\/strong><\/p>\n<p><strong>\u00a0<\/strong><\/p>\n<p><strong>Wir fordern die sofortige und gleichzeitige Freilassung aller Gefangenen, Inhaftierten und Entf\u00fchrten auf beiden Seiten. Die Menschenrechte gelten f\u00fcr alle Menschen, unabh\u00e4ngig von ihrer Nationalit\u00e4t oder Religion.<\/strong><\/p>\n<p><strong>\u00a0<\/strong><\/p>\n<p><strong>Freiheit f\u00fcr alle pal\u00e4stinensischen Gefangenen und Inhaftierten in israelischen Gef\u00e4ngnissen!<\/strong><\/p>\n<p><strong>\u00a0<\/strong><\/p>\n<p><strong>Die Europ\u00e4ische Allianz f\u00fcr Solidarit\u00e4t mit pal\u00e4stinensischen Gefangenen<\/strong><\/p>\n<p><strong>\u00a0<\/strong><strong>Br\u00fcssel, 11. M\u00e4rz 2024<\/strong><\/p>\n<p><strong>Europ\u00e4ische Allianz f\u00fcr die Solidarit\u00e4t mit den Pal\u00e4stinensischen Gefangenen<\/strong><\/p>\n<p><strong>Liegnitzstr. 28, 53721 Siegburg, Germany,<\/strong><\/p>\n<p><strong>Tel: 00491715411168, \u00a0Fax: 0049-2241-2653744, info@<\/strong><strong><a href=\"mailto:asrafalastin@web.de\">asrafalastin.eu<\/a><\/strong><\/p>\n<p><strong><a href=\"https:\/\/www.facebook.com\/pages\/The-European-Alliance-in-Defence-of-Palestinian-Detainees\/590907887618242\">https:\/\/www.facebook.com\/pages\/The-European-Alliance-in-Defence-of-Palestinian-Detainees\/590907887618242<\/a><\/strong><\/p>\n<p><strong>Accountnumber.: Sparkasse K\u00f6ln, IBAN: DE08 3705 0299 0001 0389 45, BIC: COKSDE33<\/strong><\/p>\n<p>&nbsp;<\/p>\n<div class=\"wep-preview\"><iframe loading=\"lazy\" src=\"\/\/docs.google.com\/viewer?url=https%3A%2F%2Fenglish.asrafalastin.net%2Fwp-content%2Fuploads%2F2024%2F03%2Fasra-solidarity-11.3.24-deutsch.pdf&amp;embedded=true&amp;hl=en\" title=\"Embedded Document\" width=\"100%\" height=\"1000px\"><\/iframe><div class=\"wep-download-document\"><a href=\"https:\/\/english.asrafalastin.net\/wp-content\/uploads\/2024\/03\/asra-solidarity-11.3.24-deutsch.pdf\" target=\"_blank\">Download<\/a><\/div><\/div>\n","protected":false},"excerpt":{"rendered":"<p>La coalition europ\u00e9enne de soutien aux prisonniers palestiniens La coalici\u00f3n europea de apoyo a los prisioneros palestinos Europ\u00e4ische Allianz f\u00fcr die Solidarit\u00e4t mit den Pal\u00e4stinensischen Gefangenen e.V. __________________________________________________________________________________________ \u00a0 Dringender Auruf! Rettet die pal\u00e4stinensischen Gefangenen und H\u00e4ftlinge in israelischen Gef\u00e4ngnissen! \u00a0 Derzeit befinden sich \u00fcber 9100 M\u00e4nner, Frauen, Kinder und \u00e4ltere Menschen in israelischen Gef\u00e4ngnissen, [&hellip;]<\/p>\n","protected":false},"author":1,"featured_media":1701,"comment_status":"open","ping_status":"open","sticky":false,"template":"","format":"standard","meta":{"footnotes":""},"categories":[34],"tags":[],"class_list":["post-1841","post","type-post","status-publish","format-standard","has-post-thumbnail","hentry","category-news"],"_links":{"self":[{"href":"https:\/\/english.asrafalastin.net\/index.php?rest_route=\/wp\/v2\/posts\/1841","targetHints":{"allow":["GET"]}}],"collection":[{"href":"https:\/\/english.asrafalastin.net\/index.php?rest_route=\/wp\/v2\/posts"}],"about":[{"href":"https:\/\/english.asrafalastin.net\/index.php?rest_route=\/wp\/v2\/types\/post"}],"author":[{"embeddable":true,"href":"https:\/\/english.asrafalastin.net\/index.php?rest_route=\/wp\/v2\/users\/1"}],"replies":[{"embeddable":true,"href":"https:\/\/english.asrafalastin.net\/index.php?rest_route=%2Fwp%2Fv2%2Fcomments&post=1841"}],"version-history":[{"count":1,"href":"https:\/\/english.asrafalastin.net\/index.php?rest_route=\/wp\/v2\/posts\/1841\/revisions"}],"predecessor-version":[{"id":1843,"href":"https:\/\/english.asrafalastin.net\/index.php?rest_route=\/wp\/v2\/posts\/1841\/revisions\/1843"}],"wp:featuredmedia":[{"embeddable":true,"href":"https:\/\/english.asrafalastin.net\/index.php?rest_route=\/wp\/v2\/media\/1701"}],"wp:attachment":[{"href":"https:\/\/english.asrafalastin.net\/index.php?rest_route=%2Fwp%2Fv2%2Fmedia&parent=1841"}],"wp:term":[{"taxonomy":"category","embeddable":true,"href":"https:\/\/english.asrafalastin.net\/index.php?rest_route=%2Fwp%2Fv2%2Fcategories&post=1841"},{"taxonomy":"post_tag","embeddable":true,"href":"https:\/\/english.asrafalastin.net\/index.php?rest_route=%2Fwp%2Fv2%2Ftags&post=1841"}],"curies":[{"name":"wp","href":"https:\/\/api.w.org\/{rel}","templated":true}]}}