{"id":3417,"date":"2025-10-20T11:13:37","date_gmt":"2025-10-20T08:13:37","guid":{"rendered":"https:\/\/english.asrafalastin.net\/?p=3417"},"modified":"2025-10-20T11:13:37","modified_gmt":"2025-10-20T08:13:37","slug":"initiative-pour-la-justice-au-profit-des-victimes-de-genocide-et-pour-le-soutien-a-la-cour-penale-internationale","status":"publish","type":"post","link":"https:\/\/english.asrafalastin.net\/?p=3417","title":{"rendered":"Initiative pour la justice au profit des victimes de g\u00e9nocide et pour le soutien \u00e0 la Cour p\u00e9nale internationale"},"content":{"rendered":"<p>&nbsp;<\/p>\n<p>Nous, avocats et professionnels du droit soussign\u00e9s, d\u00e9clarons notre plein soutien \u00e0 la justice pour les victimes du g\u00e9nocide en Palestine et notre appui ind\u00e9fectible \u00e0 la Cour p\u00e9nale internationale (CPI) ainsi qu\u2019\u00e0 son ind\u00e9pendance, face \u00e0 toutes les formes de pressions et de sanctions visant la Cour ou son Procureur.<br \/>\nAnim\u00e9s par notre responsabilit\u00e9 professionnelle et \u00e9thique de d\u00e9fendre la dignit\u00e9 humaine et l\u2019\u00c9tat de droit, nous refusons de rester silencieux face au g\u00e9nocide, aux crimes de guerre et aux crimes contre l\u2019humanit\u00e9 commis contre le peuple palestinien \u00e0 Gaza et en Cisjordanie.<br \/>\nNous demandons donc ce qui suit :<br \/>\n1- Permettre \u00e0 la Cour p\u00e9nale internationale d\u2019exercer librement son mandat, sans aucune ing\u00e9rence politique.<br \/>\n2- Lever toutes les sanctions impos\u00e9es \u00e0 la Cour ou \u00e0 son Procureur.<br \/>\n3- Acc\u00e9l\u00e9rer l\u2019\u00e9mission de mandats d\u2019arr\u00eat contre tous les responsables politiques et militaires ayant commis ces crimes.<br \/>\n4- Garantir la livraison sans entrave et inconditionnelle de l\u2019aide humanitaire dans la bande de Gaza.<br \/>\nLa justice internationale n\u2019est pas une option politique \u2014 c\u2019est une obligation humanitaire et morale.<br \/>\nNous tenir ensemble, en tant qu\u2019avocats et professionnels du droit du monde entier, est une expression de notre solidarit\u00e9 avec les victimes et de notre engagement envers le principe de responsabilit\u00e9 et la lutte contre l\u2019impunit\u00e9.<br \/>\nEn cons\u00e9quence, nous appelons nos coll\u00e8gues du monde entier \u00e0 se joindre \u00e0 nous.<br \/>\nNous affirmons que notre rassemblement aura lieu \u00e0 la Cour p\u00e9nale internationale \u00e0 La Haye, le vendredi 24 octobre 2025, \u00e0 15h00 (heure locale de La Haye).<br \/>\nNous encourageons \u00e9galement nos confr\u00e8res avocats et professionnels du droit dans d\u2019autres pays \u00e0 organiser des rassemblements simultan\u00e9s (ou quasi simultan\u00e9s) devant les institutions judiciaires et les ordres des avocats de leurs pays respectifs.<br \/>\nRemarque : La p\u00e9tition sign\u00e9e sera soumise \u00e0 la Cour p\u00e9nale internationale en appui aux demandes susmentionn\u00e9es.<\/p>\n<p>https:\/\/docs.google.com\/forms\/d\/e\/1FAIpQLScC5EWqk0YPLLg4o87juRoKNDls-pHkimR3thHOwaeVjLuRSg\/viewform?usp=header<\/p>\n","protected":false},"excerpt":{"rendered":"<p>&nbsp; Nous, avocats et professionnels du droit soussign\u00e9s, d\u00e9clarons notre plein soutien \u00e0 la justice pour les victimes du g\u00e9nocide en Palestine et notre appui ind\u00e9fectible \u00e0 la Cour p\u00e9nale internationale (CPI) ainsi qu\u2019\u00e0 son ind\u00e9pendance, face \u00e0 toutes les formes de pressions et de sanctions visant la Cour ou son Procureur. Anim\u00e9s par notre [&hellip;]<\/p>\n","protected":false},"author":3,"featured_media":3418,"comment_status":"closed","ping_status":"closed","sticky":false,"template":"","format":"standard","meta":{"footnotes":""},"categories":[34],"tags":[],"class_list":["post-3417","post","type-post","status-publish","format-standard","has-post-thumbnail","hentry","category-news"],"_links":{"self":[{"href":"https:\/\/english.asrafalastin.net\/index.php?rest_route=\/wp\/v2\/posts\/3417","targetHints":{"allow":["GET"]}}],"collection":[{"href":"https:\/\/english.asrafalastin.net\/index.php?rest_route=\/wp\/v2\/posts"}],"about":[{"href":"https:\/\/english.asrafalastin.net\/index.php?rest_route=\/wp\/v2\/types\/post"}],"author":[{"embeddable":true,"href":"https:\/\/english.asrafalastin.net\/index.php?rest_route=\/wp\/v2\/users\/3"}],"replies":[{"embeddable":true,"href":"https:\/\/english.asrafalastin.net\/index.php?rest_route=%2Fwp%2Fv2%2Fcomments&post=3417"}],"version-history":[{"count":1,"href":"https:\/\/english.asrafalastin.net\/index.php?rest_route=\/wp\/v2\/posts\/3417\/revisions"}],"predecessor-version":[{"id":3419,"href":"https:\/\/english.asrafalastin.net\/index.php?rest_route=\/wp\/v2\/posts\/3417\/revisions\/3419"}],"wp:featuredmedia":[{"embeddable":true,"href":"https:\/\/english.asrafalastin.net\/index.php?rest_route=\/wp\/v2\/media\/3418"}],"wp:attachment":[{"href":"https:\/\/english.asrafalastin.net\/index.php?rest_route=%2Fwp%2Fv2%2Fmedia&parent=3417"}],"wp:term":[{"taxonomy":"category","embeddable":true,"href":"https:\/\/english.asrafalastin.net\/index.php?rest_route=%2Fwp%2Fv2%2Fcategories&post=3417"},{"taxonomy":"post_tag","embeddable":true,"href":"https:\/\/english.asrafalastin.net\/index.php?rest_route=%2Fwp%2Fv2%2Ftags&post=3417"}],"curies":[{"name":"wp","href":"https:\/\/api.w.org\/{rel}","templated":true}]}}